{"id":4447,"date":"2020-02-21T18:41:11","date_gmt":"2020-02-21T17:41:11","guid":{"rendered":"http:\/\/cerclerural.org\/?p=4447"},"modified":"2021-05-28T21:29:07","modified_gmt":"2021-05-28T19:29:07","slug":"concert-la-bas","status":"publish","type":"post","link":"http:\/\/cerclerural.org\/?p=4447","title":{"rendered":"Concert L\u00e0-Bas 2020"},"content":{"rendered":"\n<figure class=\"wp-block-image size-large\"><img decoding=\"async\" src=\"http:\/\/cerclerural.org\/wp-content\/uploads\/2020\/02\/Concert-Labas-2020-724x1024.png\" alt=\"\" class=\"wp-image-4448\"\/><\/figure>\n\n\n\n<p>Nous vous attendons nombreux pour le concert <a rel=\"noreferrer noopener\" aria-label=\"du groupe L\u00e0-Bas (opens in a new tab)\" href=\"http:\/\/www.labas-groupe.com\/\" target=\"_blank\">du groupe L\u00e0-Bas<\/a>, qui interpr\u00e9tera tous les classiques de Jean Jaques Goldman pour votre plus grand plaisir ! R\u00e9servez vite votre place en ligne (voir ci-dessous).<br><br><strong>Samedi 18 avril 2020 \u00e0 21h<\/strong><br><br><strong>Tarifs : <\/strong><br>Pr\u00e9ventes (billetterie en ligne) :  12 \u20ac \/ adulte et 7 \u20ac \/ enfants (-12 ans). <br>Sur place : 15 \u20ac<br><br><strong><a rel=\"noreferrer noopener\" aria-label=\" (opens in a new tab)\" href=\"https:\/\/www.helloasso.com\/associations\/le-cercle-rural-de-villy-le-bouveret\/evenements\/concert-groupe-la-bas\" target=\"_blank\">Acc\u00e9dez ici \u00e0 la billetterie en ligne<\/a><\/strong><br><em>(A la fin de votre r\u00e9servation, avant votre r\u00e8glement vous avez la possibilit\u00e9 de faire un don \u00e0 \u00ab\u00a0helloasso\u00a0\u00bb le syst\u00e8me de billetterie)<\/em><br><br>Concert sous chapiteau \/ Ouverture des portes \u00e0 19h30<br>Une soir\u00e9e en partenariat avec&nbsp;<a rel=\"noreferrer noopener\" href=\"https:\/\/www.facebook.com\/odsradio\/\" target=\"_blank\">ODS radio<\/a>.<\/p>\n\n\n\n<p><a href=\"https:\/\/www.facebook.com\/events\/533682043926823\/\" target=\"_blank\" rel=\"noreferrer noopener\" aria-label=\"Acc\u00e8s \u00e0 l'\u00e9v\u00e8nement Facebook (opens in a new tab)\">Acc\u00e8s \u00e0 l&rsquo;\u00e9v\u00e8nement Facebook<\/a><\/p>\n","protected":false},"excerpt":{"rendered":"<p>Nous vous attendons nombreux pour le concert du groupe L\u00e0-Bas, qui interpr\u00e9tera tous les classiques de Jean Jaques Goldman pour votre plus grand plaisir ! R\u00e9servez vite votre place en ligne (voir ci-dessous). Samedi 18 avril 2020 \u00e0 21h Tarifs &hellip; <a href=\"http:\/\/cerclerural.org\/?p=4447\">Continuer la lecture <span class=\"meta-nav\">&rarr;<\/span><\/a><\/p>\n","protected":false},"author":8,"featured_media":0,"comment_status":"closed","ping_status":"open","sticky":false,"template":"","format":"standard","meta":{"footnotes":""},"categories":[1],"tags":[],"class_list":["post-4447","post","type-post","status-publish","format-standard","hentry","category-divers"],"_links":{"self":[{"href":"http:\/\/cerclerural.org\/index.php?rest_route=\/wp\/v2\/posts\/4447","targetHints":{"allow":["GET"]}}],"collection":[{"href":"http:\/\/cerclerural.org\/index.php?rest_route=\/wp\/v2\/posts"}],"about":[{"href":"http:\/\/cerclerural.org\/index.php?rest_route=\/wp\/v2\/types\/post"}],"author":[{"embeddable":true,"href":"http:\/\/cerclerural.org\/index.php?rest_route=\/wp\/v2\/users\/8"}],"replies":[{"embeddable":true,"href":"http:\/\/cerclerural.org\/index.php?rest_route=%2Fwp%2Fv2%2Fcomments&post=4447"}],"version-history":[{"count":11,"href":"http:\/\/cerclerural.org\/index.php?rest_route=\/wp\/v2\/posts\/4447\/revisions"}],"predecessor-version":[{"id":4488,"href":"http:\/\/cerclerural.org\/index.php?rest_route=\/wp\/v2\/posts\/4447\/revisions\/4488"}],"wp:attachment":[{"href":"http:\/\/cerclerural.org\/index.php?rest_route=%2Fwp%2Fv2%2Fmedia&parent=4447"}],"wp:term":[{"taxonomy":"category","embeddable":true,"href":"http:\/\/cerclerural.org\/index.php?rest_route=%2Fwp%2Fv2%2Fcategories&post=4447"},{"taxonomy":"post_tag","embeddable":true,"href":"http:\/\/cerclerural.org\/index.php?rest_route=%2Fwp%2Fv2%2Ftags&post=4447"}],"curies":[{"name":"wp","href":"https:\/\/api.w.org\/{rel}","templated":true}]}}